[{"@context":"https:\/\/schema.org\/","@type":"Article","@id":"https:\/\/www.kocicarny.cz\/pro-cisty-a-jasny-pohled\/#Article","mainEntityOfPage":"https:\/\/www.kocicarny.cz\/pro-cisty-a-jasny-pohled\/","headline":"Pro \u010dist\u00fd a jasn\u00fd pohled","name":"Pro \u010dist\u00fd a jasn\u00fd pohled","description":"Pot\u00e1p\u00edte se r\u00e1di do vody, ale nel\u00edb\u00ed v\u00e1m, \u017ee toho p\u0159\u00edli\u0161 hodn\u011b nevid\u00edte? Cht\u011bli byste n\u011bco, n\u011bjakou pom\u016fcku, kter\u00e1 by v\u0161e dok\u00e1zala vylep\u0161it? Jestli\u017ee...","datePublished":"2024-04-21","dateModified":"2024-04-21","author":{"@type":"Person","@id":"https:\/\/www.kocicarny.cz\/author\/#Person","name":"","url":"https:\/\/www.kocicarny.cz\/author\/","identifier":1,"image":{"@type":"ImageObject","@id":"https:\/\/secure.gravatar.com\/avatar\/614460c3109f6ef46730ae87c5e2be623f574940fabcec1214dc0d8d5af688cf?s=96&d=mm&r=g","url":"https:\/\/secure.gravatar.com\/avatar\/614460c3109f6ef46730ae87c5e2be623f574940fabcec1214dc0d8d5af688cf?s=96&d=mm&r=g","height":96,"width":96}},"publisher":{"@type":"Organization","name":"kocicarny.cz","logo":{"@type":"ImageObject","@id":"\/logo.png","url":"\/logo.png","width":600,"height":60}},"url":"https:\/\/www.kocicarny.cz\/pro-cisty-a-jasny-pohled\/","wordCount":254,"articleBody":"Pot\u00e1p\u00edte se r\u00e1di do vody, ale nel\u00edb\u00ed v\u00e1m, \u017ee toho p\u0159\u00edli\u0161 hodn\u011b nevid\u00edte? Cht\u011bli byste n\u011bco, n\u011bjakou pom\u016fcku, kter\u00e1 by v\u0161e dok\u00e1zala vylep\u0161it? Jestli\u017ee ano, pak nen\u00ed nic lep\u0161\u00edho, ne\u017e se pod\u00edvat do na\u0161\u00ed nab\u00eddky, kde m\u00e1te mo\u017enost vyb\u00edrat z nejr\u016fzn\u011bj\u0161\u00edch pot\u00e1p\u011bc\u00edch masek. Ty jsou pot\u0159ebn\u00e9 p\u0159edev\u0161\u00edm tehdy, kdy\u017e si chcete pohledu do vody skute\u010dn\u011b u\u017e\u00edt. P\u0159eci jen, s otev\u0159en\u00fdma o\u010dima pod vodou bez n\u011bjak\u00e9 masky to nen\u00ed v\u016fbec ono, a tak je lep\u0161\u00ed si n\u011bjakou po\u0159\u00eddit. Ud\u011bl\u00e1te t\u00edm jedin\u011b dob\u0159e, a to nejenom pro sv\u016fj pocit, ale p\u0159edev\u0161\u00edm pro sv\u00e9 o\u010di.\tOchrana i pro nosPokud budete ochotn\u00ed zainvestovat o n\u011bco v\u00edce do tohoto produktu, m\u016f\u017eete se t\u011b\u0161it i na ochranu pro nos, kter\u00fd tak\u00e9 \u010dasto trp\u00ed pr\u00e1v\u011b vodou, kter\u00e1 se do n\u011bj p\u0159i pot\u00e1p\u011bn\u00ed dostane. To v\u0161e m\u016f\u017eete zamezit t\u00edm, \u017ee si vyberete spr\u00e1vnou pom\u016fcku pro tento kon\u00ed\u010dek. Pro ty, kte\u0159\u00ed tomuto kon\u00ed\u010dku holduj\u00ed pom\u011brn\u011b v\u00edce, nab\u00edz\u00edme profesion\u00e1ln\u00ed \u0159adu, kter\u00e1 nab\u00edz\u00ed opravdu vynikaj\u00edc\u00ed vlastnosti a funkce. Z t\u00e9to nab\u00eddky ale budou vyb\u00edrat jen ti, kte\u0159\u00ed to s pot\u00e1p\u011bn\u00edm mysl\u00ed skute\u010dn\u011b v\u00e1\u017en\u011b.                                                                                                                                                                                                                                                                                                                                                                                        3.7\/5 - (7 votes)        "},{"@context":"https:\/\/schema.org\/","@type":"BreadcrumbList","itemListElement":[{"@type":"ListItem","position":1,"name":"Pro \u010dist\u00fd a jasn\u00fd pohled","item":"https:\/\/www.kocicarny.cz\/pro-cisty-a-jasny-pohled\/#breadcrumbitem"}]}]