[{"@context":"https:\/\/schema.org\/","@type":"Article","@id":"https:\/\/www.kocicarny.cz\/nadherne-opalena-pokozka-po-cely-rok\/#Article","mainEntityOfPage":"https:\/\/www.kocicarny.cz\/nadherne-opalena-pokozka-po-cely-rok\/","headline":"N\u00e1dhern\u011b op\u00e1len\u00e1 poko\u017eka po cel\u00fd rok","name":"N\u00e1dhern\u011b op\u00e1len\u00e1 poko\u017eka po cel\u00fd rok","description":"R\u00e1di byste m\u011bli op\u00e1lenou poko\u017eku nejen v l\u00e9t\u011b, ale kdykoliv v roce? Ke kr\u00e1sn\u011b op\u00e1len\u00e9 poko\u017ece nedoch\u00e1z\u00ed pouze vlivem p\u0159irozen\u00e9ho slunce, ale mnohdy jde...","datePublished":"2018-07-19","dateModified":"2023-09-07","author":{"@type":"Person","@id":"https:\/\/www.kocicarny.cz\/author\/#Person","name":"","url":"https:\/\/www.kocicarny.cz\/author\/","identifier":1,"image":{"@type":"ImageObject","@id":"https:\/\/secure.gravatar.com\/avatar\/614460c3109f6ef46730ae87c5e2be623f574940fabcec1214dc0d8d5af688cf?s=96&d=mm&r=g","url":"https:\/\/secure.gravatar.com\/avatar\/614460c3109f6ef46730ae87c5e2be623f574940fabcec1214dc0d8d5af688cf?s=96&d=mm&r=g","height":96,"width":96}},"publisher":{"@type":"Organization","name":"kocicarny.cz","logo":{"@type":"ImageObject","@id":"\/logo.png","url":"\/logo.png","width":600,"height":60}},"image":{"@type":"ImageObject","@id":"https:\/\/www.kocicarny.cz\/wp-content\/uploads\/img_a325435_w2595_t1537345776.jpg","url":"https:\/\/www.kocicarny.cz\/wp-content\/uploads\/img_a325435_w2595_t1537345776.jpg","height":0,"width":0},"url":"https:\/\/www.kocicarny.cz\/nadherne-opalena-pokozka-po-cely-rok\/","about":["Zbo\u017e\u00ed"],"wordCount":424,"articleBody":"         R\u00e1di byste m\u011bli op\u00e1lenou poko\u017eku nejen v l\u00e9t\u011b, ale kdykoliv v roce? Ke kr\u00e1sn\u011b op\u00e1len\u00e9 poko\u017ece nedoch\u00e1z\u00ed pouze vlivem p\u0159irozen\u00e9ho slunce, ale mnohdy jde o v\u00fdsledek opalov\u00e1n\u00ed v sol\u00e1riu jako t\u0159eba  Profesion\u00e1ln\u00ed p\u00e9\u010de v tomto sm\u011bru spo\u010d\u00edv\u00e1 v opalov\u00e1n\u00ed cel\u00e9ho t\u011bla v za\u0159\u00edzen\u00ed, kter\u00e9 stejn\u011b jako slunce vyza\u0159uje UV z\u00e1\u0159en\u00ed. D\u00edky tomuto z\u00e1\u0159en\u00ed doch\u00e1z\u00ed k opalov\u00e1n\u00ed k\u016f\u017ee a n\u00e1sledn\u00e9mu efektu zbarven\u00ed do hn\u011bda. D\u00edky t\u00e9to slu\u017eb\u011b ji\u017e nemus\u00edte \u010dekat do sam\u00e9ho l\u00e9ta na to, abyste m\u011bli n\u00e1dhern\u011b op\u00e1len\u00e9 t\u011blo, ale m\u016f\u017eete si tento efekt dop\u0159\u00e1vat po cel\u00fd rok. Snadno si tak udr\u017e\u00edte p\u0159irozen\u00e9 op\u00e1len\u00ed a nebudete m\u00edt probl\u00e9m s hn\u011bdnut\u00edm k\u016f\u017ee v letn\u00edch hork\u00fdch dnech. Obl\u00edben\u00fd komfort \u017een i mu\u017e\u016f Mohlo by se zd\u00e1t, \u017ee slu\u017eby sol\u00e1ria si u\u017e\u00edvaj\u00ed pouze \u017eeny, ale v posledn\u00edch letech stoupnul z\u00e1jem tak\u00e9 u mu\u017e\u016f. Nen\u00ed divu, proto\u017ee n\u00e1dhern\u011b op\u00e1len\u00e1 poko\u017eka je symbolem kr\u00e1sy a p\u016fsob\u00ed tak\u00e9 hodn\u011b sexy. D\u016fle\u017eit\u00e1 je v\u0161ak i v tomto p\u0159\u00edpad\u011b p\u0159irozenost a tak je d\u016fle\u017eit\u00e9 vybrat si studio, kter\u00e9 m\u00e1 odborn\u00e9 a profesion\u00e1ln\u00ed znalosti a zku\u0161enosti a odborn\u011b pro\u0161kolen\u00fd t\u00fdm. K vytou\u017een\u00e9mu efektu op\u00e1len\u00e9 poko\u017eky zna\u010dn\u011b p\u0159isp\u00edv\u00e1 tak\u00e9 vhodn\u00e1 kosmetika, kter\u00e1 souvis\u00ed p\u0159\u00edmo s opalov\u00e1n\u00ed v sol\u00e1riu. Vhodn\u00fd v\u00fdb\u011br tak o\u0161et\u0159\u00ed k\u016f\u017ei d\u016fkladn\u011b a poskytne ve\u0161ker\u00e9 pot\u0159ebn\u00e9 l\u00e1tky a vitam\u00edny, abyste si zachovali zdrav\u00fd vzhled a k\u016f\u017ee byla dostate\u010dn\u011b hydratovan\u00e1. S profesion\u00e1ln\u00edm p\u0159\u00edstupem souvis\u00ed tak\u00e9 modern\u00ed vybaven\u00ed, kter\u00e9 disponuje pot\u0159ebn\u00fdmi certifik\u00e1ty a zajist\u00ed tak klient\u016fm zdrav\u00e9 opalov\u00e1n\u00ed. Pro dobr\u00e9 pocity klient\u016f je d\u016fle\u017eit\u00e9 tak\u00e9 p\u0159\u00edjemn\u00e9 prost\u0159ed\u00ed a navozen\u00ed vhodn\u00e9 atmosf\u00e9ry, aby se ka\u017ed\u00fd c\u00edtil dob\u0159e a zahodil ve\u0161ker\u00fd stud a obavy. Laskav\u00fd a profesion\u00e1ln\u00ed p\u0159\u00edstup person\u00e1lu je ji\u017e t\u0159e\u0161ni\u010dka na dortu, proto\u017ee skv\u011bl\u00fd p\u0159\u00edstup ke klient\u016fm zaru\u010d\u00ed, \u017ee se zase s radost\u00ed vr\u00e1t\u00ed a nevyu\u017eij\u00ed slu\u017eby jinde.Dop\u0159ejte si i vy slunce pro va\u0161i poko\u017eku po cel\u00fd rok.                                                                                                                                                                                                                                                                                                                                                                                          4.4\/5 - (11 votes)        "},{"@context":"https:\/\/schema.org\/","@type":"BreadcrumbList","itemListElement":[{"@type":"ListItem","position":1,"name":"N\u00e1dhern\u011b op\u00e1len\u00e1 poko\u017eka po cel\u00fd rok","item":"https:\/\/www.kocicarny.cz\/nadherne-opalena-pokozka-po-cely-rok\/#breadcrumbitem"}]}]