[{"@context":"https:\/\/schema.org\/","@type":"Article","@id":"https:\/\/www.kocicarny.cz\/ciste-kontejnery-na-potraviny\/#Article","mainEntityOfPage":"https:\/\/www.kocicarny.cz\/ciste-kontejnery-na-potraviny\/","headline":"\u010cist\u00e9 kontejnery na potraviny","name":"\u010cist\u00e9 kontejnery na potraviny","description":"J\u00e1 p\u0159edpokl\u00e1d\u00e1m, \u017ee pokud pracujete t\u0159eba n\u011bkde v potravin\u00e1\u0159stv\u00ed, tak tak\u00e9 budete pot\u0159ebovat v n\u011bjak\u00e9 v\u011bci anebo \u00falo\u017en\u00e9 prostory, kde budete pr\u00e1v\u011b uchov\u00e1vat potraviny...","datePublished":"2023-11-20","dateModified":"2023-12-23","author":{"@type":"Person","@id":"https:\/\/www.kocicarny.cz\/author\/#Person","name":"","url":"https:\/\/www.kocicarny.cz\/author\/","identifier":1,"image":{"@type":"ImageObject","@id":"https:\/\/secure.gravatar.com\/avatar\/614460c3109f6ef46730ae87c5e2be623f574940fabcec1214dc0d8d5af688cf?s=96&d=mm&r=g","url":"https:\/\/secure.gravatar.com\/avatar\/614460c3109f6ef46730ae87c5e2be623f574940fabcec1214dc0d8d5af688cf?s=96&d=mm&r=g","height":96,"width":96}},"publisher":{"@type":"Organization","name":"kocicarny.cz","logo":{"@type":"ImageObject","@id":"\/logo.png","url":"\/logo.png","width":600,"height":60}},"image":{"@type":"ImageObject","@id":"https:\/\/www.kocicarny.cz\/wp-content\/uploads\/ship-84139_1280_1.jpg","url":"https:\/\/www.kocicarny.cz\/wp-content\/uploads\/ship-84139_1280_1.jpg","height":0,"width":0},"url":"https:\/\/www.kocicarny.cz\/ciste-kontejnery-na-potraviny\/","about":["Zbo\u017e\u00ed"],"wordCount":391,"articleBody":"      J\u00e1 p\u0159edpokl\u00e1d\u00e1m, \u017ee pokud pracujete t\u0159eba n\u011bkde v potravin\u00e1\u0159stv\u00ed, tak tak\u00e9 budete pot\u0159ebovat v n\u011bjak\u00e9 v\u011bci anebo \u00falo\u017en\u00e9 prostory, kde budete pr\u00e1v\u011b uchov\u00e1vat potraviny anebo tak podobn\u011b. J\u00e1 jsem p\u0159ed lety, asi mo\u017en\u00e1 tak p\u0159ed dv\u011bma anebo p\u0159ed t\u0159emi lety tak\u00e9 pracovala s potravinami. A abychom tak\u00e9 mohli potraviny opravdu jednodu\u0161e skladovat a tak\u00e9 hlavn\u011b hygienicky a bezpe\u010dn\u011b skladovat, tak tak\u00e9 jsme pot\u0159ebovali r\u016fzn\u00e9 skladovac\u00ed prostory pro potraviny a m\u011bli jsme nap\u0159\u00edklad tak\u00e9 IBC kontejnery od potravin. A pokud byste cht\u011bli vid\u011bt v\u00edce informac\u00ed, co jsou to IBC kontejnery od potravin https:\/\/www.schoellerallibert.com, tak samoz\u0159ejm\u011b na internetu vyhled\u00e1va\u010di v\u00e1m vyjede plno odkaz\u016f. Tak\u00e9 v\u00e1m tam vyjedu r\u016fzn\u00e9 e-shopy, kde pr\u00e1v\u011b IBC kontejnery od potravy m\u016f\u017eete koupit. A jsou v r\u016fzn\u00fdch velikostech a tak\u00e9 objemech. J\u00e1 sama jsem si \u0159ekla, \u017ee kdybych tak\u00e9 m\u011bla doma IBC kontejnery od potravin, tak samoz\u0159ejm\u011b by se musely udr\u017eovat na sto procent \u010dist\u00e9 a zdravotn\u011b nez\u00e1vadn\u00e9. I samotn\u00fd materi\u00e1l IBC kontejner\u016f od potravin mus\u00ed b\u00fdt samoz\u0159ejm\u011b logicky tak\u00e9 zdravotn\u011b nez\u00e1vadn\u00fd. Bylo by opravdu \u0161patn\u00e9, kdyby byly t\u0159eba n\u011bjak\u00e9 kontejnery na potraviny a byli by zdravotn\u011b z\u00e1vadn\u00e9 anebo by tam byla t\u0159eba n\u011bjak\u00e1 pl\u00edse\u0148 anebo dal\u0161\u00ed mikroby.Tohle by jednozna\u010dn\u011b u nikoho nepro\u0161lo, proto je v\u017edycky nejlep\u0161\u00ed, kdy\u017e t\u0159eba lid\u00e9 tak\u00e9 dbaj\u00ed na hygienu, dbaj\u00ed na \u010distotu a tak\u00e9 si hlavn\u011b prohl\u00e9dnou r\u016fzn\u00e9 v\u011bci anebo boxy, ne\u017e do toho t\u0159eba daj\u00ed potraviny anebo cokoliv jin\u00e9ho. U\u017e se u n\u00e1s ve firm\u011b dvakr\u00e1t stalo, \u017ee k n\u00e1m p\u0159i\u0161li opravdu hodn\u011b plesniv\u00e9 IBC kontejnery od potravin, tak\u017ee jsme to v\u0161echno vraceli dodavateli. Na\u0161t\u011bst\u00ed se to u\u017e neopakovalo, a dokonce i my, kdy\u017e vrac\u00edme IBC kontejnery od potravin, tak je v\u017edy opravdu vydezinfikujeme a vrac\u00edme je v\u017edy hygienicky \u010dist\u00e9, v\u00e1\u017en\u011b bychom si necht\u011bli d\u011blat n\u011bjakou \u0161patnou reklamu anebo ostudu, \u017ee bychom IBC kontejnery od potravin nevymyli a vr\u00e1tili bychom je \u0161pinav\u00e9. Tohle by n\u00e1m rozhodn\u011b nepro\u0161lo.                                                                                                                                                                                                                                                                                                                                                                                           4\/5 - (8 votes)        "},{"@context":"https:\/\/schema.org\/","@type":"BreadcrumbList","itemListElement":[{"@type":"ListItem","position":1,"name":"\u010cist\u00e9 kontejnery na potraviny","item":"https:\/\/www.kocicarny.cz\/ciste-kontejnery-na-potraviny\/#breadcrumbitem"}]}]